{"id":43,"date":"2021-06-13T18:35:44","date_gmt":"2021-06-13T16:35:44","guid":{"rendered":"http:\/\/larnicol.bzh\/?p=43"},"modified":"2023-06-29T09:22:04","modified_gmt":"2023-06-29T07:22:04","slug":"photos","status":"publish","type":"post","link":"https:\/\/larnicol.bzh\/index.php\/2021\/06\/13\/photos\/","title":{"rendered":"Photo"},"content":{"rendered":"\n<p>Dans le cadre de mes activit\u00e9s pour la ville et la communaut\u00e9 d&#8217;agglom\u00e9ration de Quimper : mise en place d&#8217;une phototh\u00e8que (logiciel Ajaris \/ 50000 photographies index\u00e9es), gestion de la relation avec les pigistes photographes, r\u00e9alisation de reportages, illustration et editing des sujets trait\u00e9s en fonction des campagnes de communication.<\/p>\n\n\n\n<p>Ci-dessous, une petite s\u00e9lection de photos r\u00e9alis\u00e9es lors de balades et reportages.<\/p>\n\n\n\n<figure class=\"wp-block-image size-large\"><img loading=\"lazy\" width=\"1024\" height=\"507\" src=\"https:\/\/larnicol.bzh\/wp-content\/uploads\/2020\/06\/Graf-B-1024x507.jpg\" alt=\"\" class=\"wp-image-83\" srcset=\"https:\/\/larnicol.bzh\/wp-content\/uploads\/2020\/06\/Graf-B-1024x507.jpg 1024w, https:\/\/larnicol.bzh\/wp-content\/uploads\/2020\/06\/Graf-B-300x149.jpg 300w, https:\/\/larnicol.bzh\/wp-content\/uploads\/2020\/06\/Graf-B-768x381.jpg 768w, https:\/\/larnicol.bzh\/wp-content\/uploads\/2020\/06\/Graf-B.jpg 1100w\" sizes=\"(max-width: 1024px) 100vw, 1024px\" \/><figcaption>Berlin<\/figcaption><\/figure>\n\n\n\n<figure class=\"wp-block-image size-large\"><img loading=\"lazy\" width=\"1024\" height=\"684\" src=\"https:\/\/larnicol.bzh\/wp-content\/uploads\/2020\/06\/Merco-1024x684.jpg\" alt=\"\" class=\"wp-image-39\" srcset=\"https:\/\/larnicol.bzh\/wp-content\/uploads\/2020\/06\/Merco-1024x684.jpg 1024w, https:\/\/larnicol.bzh\/wp-content\/uploads\/2020\/06\/Merco-300x200.jpg 300w, https:\/\/larnicol.bzh\/wp-content\/uploads\/2020\/06\/Merco-768x513.jpg 768w, https:\/\/larnicol.bzh\/wp-content\/uploads\/2020\/06\/Merco-1536x1026.jpg 1536w, https:\/\/larnicol.bzh\/wp-content\/uploads\/2020\/06\/Merco-1240x828.jpg 1240w, https:\/\/larnicol.bzh\/wp-content\/uploads\/2020\/06\/Merco-508x339.jpg 508w, https:\/\/larnicol.bzh\/wp-content\/uploads\/2020\/06\/Merco.jpg 1800w\" sizes=\"(max-width: 1024px) 100vw, 1024px\" \/><figcaption>Berlin &#8211; Moabit<\/figcaption><\/figure>\n\n\n\n<figure class=\"wp-block-image size-large\"><img loading=\"lazy\" width=\"1024\" height=\"683\" src=\"https:\/\/larnicol.bzh\/wp-content\/uploads\/2020\/06\/Berlin-1024x683.jpg\" alt=\"\" class=\"wp-image-11\" srcset=\"https:\/\/larnicol.bzh\/wp-content\/uploads\/2020\/06\/Berlin-1024x683.jpg 1024w, https:\/\/larnicol.bzh\/wp-content\/uploads\/2020\/06\/Berlin-300x200.jpg 300w, https:\/\/larnicol.bzh\/wp-content\/uploads\/2020\/06\/Berlin-768x513.jpg 768w, https:\/\/larnicol.bzh\/wp-content\/uploads\/2020\/06\/Berlin.jpg 1500w\" sizes=\"(max-width: 1024px) 100vw, 1024px\" \/><figcaption>Berlin &#8211; Treptower Park<\/figcaption><\/figure>\n\n\n\n<figure class=\"wp-block-image size-large\"><img loading=\"lazy\" width=\"1024\" height=\"683\" src=\"https:\/\/larnicol.bzh\/wp-content\/uploads\/2020\/06\/LV-1024x683.jpg\" alt=\"\" class=\"wp-image-13\" srcset=\"https:\/\/larnicol.bzh\/wp-content\/uploads\/2020\/06\/LV-1024x683.jpg 1024w, https:\/\/larnicol.bzh\/wp-content\/uploads\/2020\/06\/LV-300x200.jpg 300w, https:\/\/larnicol.bzh\/wp-content\/uploads\/2020\/06\/LV-768x512.jpg 768w, https:\/\/larnicol.bzh\/wp-content\/uploads\/2020\/06\/LV-1536x1024.jpg 1536w, https:\/\/larnicol.bzh\/wp-content\/uploads\/2020\/06\/LV-1200x800.jpg 1200w, https:\/\/larnicol.bzh\/wp-content\/uploads\/2020\/06\/LV.jpg 1800w\" sizes=\"(max-width: 1024px) 100vw, 1024px\" \/><figcaption>Las Vegas<\/figcaption><\/figure>\n\n\n\n<figure class=\"wp-block-image size-large\"><img loading=\"lazy\" width=\"1024\" height=\"596\" src=\"https:\/\/larnicol.bzh\/wp-content\/uploads\/2020\/07\/US160-AZ-1024x596.jpg\" alt=\"\" class=\"wp-image-101\" srcset=\"https:\/\/larnicol.bzh\/wp-content\/uploads\/2020\/07\/US160-AZ-1024x596.jpg 1024w, https:\/\/larnicol.bzh\/wp-content\/uploads\/2020\/07\/US160-AZ-300x175.jpg 300w, https:\/\/larnicol.bzh\/wp-content\/uploads\/2020\/07\/US160-AZ-768x447.jpg 768w, https:\/\/larnicol.bzh\/wp-content\/uploads\/2020\/07\/US160-AZ.jpg 1200w\" sizes=\"(max-width: 1024px) 100vw, 1024px\" \/><figcaption>US160-Arizona<\/figcaption><\/figure>\n\n\n\n<figure class=\"wp-block-image size-large\"><img loading=\"lazy\" width=\"1024\" height=\"684\" src=\"https:\/\/larnicol.bzh\/wp-content\/uploads\/2020\/07\/JC-NL-1024x684.jpg\" alt=\"\" class=\"wp-image-100\" srcset=\"https:\/\/larnicol.bzh\/wp-content\/uploads\/2020\/07\/JC-NL-1024x684.jpg 1024w, https:\/\/larnicol.bzh\/wp-content\/uploads\/2020\/07\/JC-NL-300x200.jpg 300w, https:\/\/larnicol.bzh\/wp-content\/uploads\/2020\/07\/JC-NL-768x513.jpg 768w, https:\/\/larnicol.bzh\/wp-content\/uploads\/2020\/07\/JC-NL.jpg 1200w\" sizes=\"(max-width: 1024px) 100vw, 1024px\" \/><figcaption>Nolwenn Leroy et Julien Clerc lors de l&#8217;enregistrement des Copains d&#8217;Abord \u00e0 Quimper.<\/figcaption><\/figure>\n\n\n\n<figure class=\"wp-block-image size-large\"><img loading=\"lazy\" width=\"1024\" height=\"680\" src=\"https:\/\/larnicol.bzh\/wp-content\/uploads\/2020\/07\/FH-2012-1-1024x680.jpg\" alt=\"\" class=\"wp-image-102\" srcset=\"https:\/\/larnicol.bzh\/wp-content\/uploads\/2020\/07\/FH-2012-1-1024x680.jpg 1024w, https:\/\/larnicol.bzh\/wp-content\/uploads\/2020\/07\/FH-2012-1-300x199.jpg 300w, https:\/\/larnicol.bzh\/wp-content\/uploads\/2020\/07\/FH-2012-1-768x510.jpg 768w, https:\/\/larnicol.bzh\/wp-content\/uploads\/2020\/07\/FH-2012-1.jpg 1200w\" sizes=\"(max-width: 1024px) 100vw, 1024px\" \/><figcaption> Fran\u00e7ois Hollande le 23 avril 2012 \u00e0 l&#8217;H\u00f4tel de Ville de Quimper, quelques instants avant une conf\u00e9rence de presse. Il entame la campagne du second tour de la pr\u00e9sidentielle par un bain de foule, un meeting pluvieux sur la place Saint-Corentin et une rencontre avec la presse locale. Quelques jours plus tard, il sera \u00e9lu pr\u00e9sident de la R\u00e9publique. <\/figcaption><\/figure>\n\n\n\n<figure class=\"wp-block-image size-full\"><img loading=\"lazy\" width=\"1024\" height=\"680\" src=\"https:\/\/larnicol.bzh\/wp-content\/uploads\/2021\/12\/Bowling.jpg\" alt=\"\" class=\"wp-image-528\" srcset=\"https:\/\/larnicol.bzh\/wp-content\/uploads\/2021\/12\/Bowling.jpg 1024w, https:\/\/larnicol.bzh\/wp-content\/uploads\/2021\/12\/Bowling-300x199.jpg 300w, https:\/\/larnicol.bzh\/wp-content\/uploads\/2021\/12\/Bowling-768x510.jpg 768w\" sizes=\"(max-width: 1024px) 100vw, 1024px\" \/><figcaption>Tournage du film Bowling, de Marie-Castille Mention-Schaar, dans le centre-historique de Quimper, avec Mathilde Seigner et Laurence Arn\u00e9. <\/figcaption><\/figure>\n\n\n\n<figure class=\"wp-block-image size-full\"><img loading=\"lazy\" width=\"1024\" height=\"680\" src=\"https:\/\/larnicol.bzh\/wp-content\/uploads\/2021\/12\/Gwennhadu.jpg\" alt=\"\" class=\"wp-image-530\" srcset=\"https:\/\/larnicol.bzh\/wp-content\/uploads\/2021\/12\/Gwennhadu.jpg 1024w, https:\/\/larnicol.bzh\/wp-content\/uploads\/2021\/12\/Gwennhadu-300x199.jpg 300w, https:\/\/larnicol.bzh\/wp-content\/uploads\/2021\/12\/Gwennhadu-768x510.jpg 768w\" sizes=\"(max-width: 1024px) 100vw, 1024px\" \/><figcaption>Deux symboles de la Bretagne r\u00e9unis : le Gwenn ha du (drapeau breton) et les fl\u00e8ches de la cath\u00e9drale de Quimper.<\/figcaption><\/figure>\n\n\n\n<figure class=\"wp-block-image size-full\"><img loading=\"lazy\" width=\"1024\" height=\"684\" src=\"https:\/\/larnicol.bzh\/wp-content\/uploads\/2021\/12\/Stethoscope.jpg\" alt=\"\" class=\"wp-image-531\" srcset=\"https:\/\/larnicol.bzh\/wp-content\/uploads\/2021\/12\/Stethoscope.jpg 1024w, https:\/\/larnicol.bzh\/wp-content\/uploads\/2021\/12\/Stethoscope-300x200.jpg 300w, https:\/\/larnicol.bzh\/wp-content\/uploads\/2021\/12\/Stethoscope-768x513.jpg 768w\" sizes=\"(max-width: 1024px) 100vw, 1024px\" \/><figcaption>Le st\u00e9thoscope de Ren\u00e9 La\u00ebnnec, son inventeur, lors d&#8217;une de ses rares expositions au public (mus\u00e9e des beaux-arts de Quimper). <\/figcaption><\/figure>\n\n\n\n<figure class=\"wp-block-image size-large\"><img loading=\"lazy\" width=\"1024\" height=\"576\" src=\"https:\/\/larnicol.bzh\/wp-content\/uploads\/2020\/09\/DV-1024x576.jpg\" alt=\"\" class=\"wp-image-149\" srcset=\"https:\/\/larnicol.bzh\/wp-content\/uploads\/2020\/09\/DV-1024x576.jpg 1024w, https:\/\/larnicol.bzh\/wp-content\/uploads\/2020\/09\/DV-300x169.jpg 300w, https:\/\/larnicol.bzh\/wp-content\/uploads\/2020\/09\/DV-768x432.jpg 768w, https:\/\/larnicol.bzh\/wp-content\/uploads\/2020\/09\/DV.jpg 1200w\" sizes=\"(max-width: 1024px) 100vw, 1024px\" \/><figcaption> Badwater Basin &#8211; Death Valley &#8211; CA<\/figcaption><\/figure>\n\n\n\n<figure class=\"wp-block-image size-large\"><img loading=\"lazy\" width=\"1024\" height=\"576\" src=\"https:\/\/larnicol.bzh\/wp-content\/uploads\/2020\/09\/Flushing-1024x576.jpg\" alt=\"\" class=\"wp-image-150\" srcset=\"https:\/\/larnicol.bzh\/wp-content\/uploads\/2020\/09\/Flushing-1024x576.jpg 1024w, https:\/\/larnicol.bzh\/wp-content\/uploads\/2020\/09\/Flushing-300x169.jpg 300w, https:\/\/larnicol.bzh\/wp-content\/uploads\/2020\/09\/Flushing-768x432.jpg 768w, https:\/\/larnicol.bzh\/wp-content\/uploads\/2020\/09\/Flushing.jpg 1200w\" sizes=\"(max-width: 1024px) 100vw, 1024px\" \/><figcaption>Flushing, chinatown &#8211; NYC<\/figcaption><\/figure>\n\n\n\n<div class=\"wp-block-group\"><div class=\"wp-block-group__inner-container\"><\/div><\/div>\n","protected":false},"excerpt":{"rendered":"<p>Dans le cadre de mes activit\u00e9s pour la ville et la communaut\u00e9 d&#8217;agglom\u00e9ration de Quimper : mise en place d&#8217;une phototh\u00e8que (logiciel Ajaris \/ 50000 photographies index\u00e9es), gestion de la relation avec les pigistes photographes, r\u00e9alisation de reportages, illustration et editing des sujets trait\u00e9s en fonction des campagnes de communication. Ci-dessous, une petite s\u00e9lection de<\/p>\n<p class=\"more-link-wrapper\"><a href=\"https:\/\/larnicol.bzh\/index.php\/2021\/06\/13\/photos\/\" class=\"more-link\">Continue Reading<span class=\"screen-reader-text\"> &#8220;Photo&#8221;<\/span><\/a><\/p>\n","protected":false},"author":1,"featured_media":715,"comment_status":"closed","ping_status":"open","sticky":false,"template":"","format":"standard","meta":[],"categories":[1],"tags":[],"featured_image_urls":{"full":["https:\/\/larnicol.bzh\/wp-content\/uploads\/2021\/06\/Bowling-02.jpg",800,396,false],"thumbnail":["https:\/\/larnicol.bzh\/wp-content\/uploads\/2021\/06\/Bowling-02-150x150.jpg",150,150,true],"medium":["https:\/\/larnicol.bzh\/wp-content\/uploads\/2021\/06\/Bowling-02-300x149.jpg",300,149,true],"medium_large":["https:\/\/larnicol.bzh\/wp-content\/uploads\/2021\/06\/Bowling-02-768x380.jpg",760,376,true],"large":["https:\/\/larnicol.bzh\/wp-content\/uploads\/2021\/06\/Bowling-02.jpg",760,376,false],"1536x1536":["https:\/\/larnicol.bzh\/wp-content\/uploads\/2021\/06\/Bowling-02.jpg",800,396,false],"2048x2048":["https:\/\/larnicol.bzh\/wp-content\/uploads\/2021\/06\/Bowling-02.jpg",800,396,false],"cnvs-small":["https:\/\/larnicol.bzh\/wp-content\/uploads\/2021\/06\/Bowling-02-80x80.jpg",80,80,true],"cnvs-thumbnail":["https:\/\/larnicol.bzh\/wp-content\/uploads\/2021\/06\/Bowling-02-300x225.jpg",300,225,true],"portfolio-featured-large":["https:\/\/larnicol.bzh\/wp-content\/uploads\/2021\/06\/Bowling-02.jpg",800,396,false],"portfolio-featured-medium":["https:\/\/larnicol.bzh\/wp-content\/uploads\/2021\/06\/Bowling-02.jpg",800,396,false],"portfolio-featured-small":["https:\/\/larnicol.bzh\/wp-content\/uploads\/2021\/06\/Bowling-02-640x396.jpg",640,396,true],"portfolio-featured-square":["https:\/\/larnicol.bzh\/wp-content\/uploads\/2021\/06\/Bowling-02.jpg",800,396,false]},"post_excerpt_stackable":"<p>Dans le cadre de mes activit\u00e9s pour la ville et la communaut\u00e9 d&#8217;agglom\u00e9ration de Quimper : mise en place d&#8217;une phototh\u00e8que (logiciel Ajaris \/ 50000 photographies index\u00e9es), gestion de la relation avec les pigistes photographes, r\u00e9alisation de reportages, illustration et editing des sujets trait\u00e9s en fonction des campagnes de communication. Ci-dessous, une petite s\u00e9lection de photos r\u00e9alis\u00e9es lors de balades et reportages. Berlin Berlin &#8211; Moabit Berlin &#8211; Treptower Park Las Vegas US160-Arizona Nolwenn Leroy et Julien Clerc lors de l&#8217;enregistrement des Copains d&#8217;Abord \u00e0 Quimper. Fran\u00e7ois Hollande le 23 avril 2012 \u00e0 l&#8217;H\u00f4tel de Ville de Quimper, quelques instants\u2026<\/p>\n","category_list":"<a href=\"https:\/\/larnicol.bzh\/index.php\/category\/projets-realisations\/\" rel=\"category tag\">Projets - R\u00e9alisations<\/a>","author_info":{"name":"LL","url":"https:\/\/larnicol.bzh\/index.php\/author\/admin3940\/"},"comments_num":"0 comments","uagb_featured_image_src":{"full":["https:\/\/larnicol.bzh\/wp-content\/uploads\/2021\/06\/Bowling-02.jpg",800,396,false],"thumbnail":["https:\/\/larnicol.bzh\/wp-content\/uploads\/2021\/06\/Bowling-02-150x150.jpg",150,150,true],"medium":["https:\/\/larnicol.bzh\/wp-content\/uploads\/2021\/06\/Bowling-02-300x149.jpg",300,149,true],"medium_large":["https:\/\/larnicol.bzh\/wp-content\/uploads\/2021\/06\/Bowling-02-768x380.jpg",760,376,true],"large":["https:\/\/larnicol.bzh\/wp-content\/uploads\/2021\/06\/Bowling-02.jpg",760,376,false],"1536x1536":["https:\/\/larnicol.bzh\/wp-content\/uploads\/2021\/06\/Bowling-02.jpg",800,396,false],"2048x2048":["https:\/\/larnicol.bzh\/wp-content\/uploads\/2021\/06\/Bowling-02.jpg",800,396,false],"cnvs-small":["https:\/\/larnicol.bzh\/wp-content\/uploads\/2021\/06\/Bowling-02-80x80.jpg",80,80,true],"cnvs-thumbnail":["https:\/\/larnicol.bzh\/wp-content\/uploads\/2021\/06\/Bowling-02-300x225.jpg",300,225,true],"portfolio-featured-large":["https:\/\/larnicol.bzh\/wp-content\/uploads\/2021\/06\/Bowling-02.jpg",800,396,false],"portfolio-featured-medium":["https:\/\/larnicol.bzh\/wp-content\/uploads\/2021\/06\/Bowling-02.jpg",800,396,false],"portfolio-featured-small":["https:\/\/larnicol.bzh\/wp-content\/uploads\/2021\/06\/Bowling-02-640x396.jpg",640,396,true],"portfolio-featured-square":["https:\/\/larnicol.bzh\/wp-content\/uploads\/2021\/06\/Bowling-02.jpg",800,396,false]},"uagb_author_info":{"display_name":"LL","author_link":"https:\/\/larnicol.bzh\/index.php\/author\/admin3940\/"},"uagb_comment_info":0,"uagb_excerpt":"Dans le cadre de mes activit\u00e9s pour la ville et la communaut\u00e9 d&#8217;agglom\u00e9ration de Quimper : mise en place d&#8217;une phototh\u00e8que (logiciel Ajaris \/ 50000 photographies index\u00e9es), gestion de la relation avec les pigistes photographes, r\u00e9alisation de reportages, illustration et editing des sujets trait\u00e9s en fonction des campagnes de communication. Ci-dessous, une petite s\u00e9lection deContinue\u2026","_links":{"self":[{"href":"https:\/\/larnicol.bzh\/index.php\/wp-json\/wp\/v2\/posts\/43"}],"collection":[{"href":"https:\/\/larnicol.bzh\/index.php\/wp-json\/wp\/v2\/posts"}],"about":[{"href":"https:\/\/larnicol.bzh\/index.php\/wp-json\/wp\/v2\/types\/post"}],"author":[{"embeddable":true,"href":"https:\/\/larnicol.bzh\/index.php\/wp-json\/wp\/v2\/users\/1"}],"replies":[{"embeddable":true,"href":"https:\/\/larnicol.bzh\/index.php\/wp-json\/wp\/v2\/comments?post=43"}],"version-history":[{"count":23,"href":"https:\/\/larnicol.bzh\/index.php\/wp-json\/wp\/v2\/posts\/43\/revisions"}],"predecessor-version":[{"id":751,"href":"https:\/\/larnicol.bzh\/index.php\/wp-json\/wp\/v2\/posts\/43\/revisions\/751"}],"wp:featuredmedia":[{"embeddable":true,"href":"https:\/\/larnicol.bzh\/index.php\/wp-json\/wp\/v2\/media\/715"}],"wp:attachment":[{"href":"https:\/\/larnicol.bzh\/index.php\/wp-json\/wp\/v2\/media?parent=43"}],"wp:term":[{"taxonomy":"category","embeddable":true,"href":"https:\/\/larnicol.bzh\/index.php\/wp-json\/wp\/v2\/categories?post=43"},{"taxonomy":"post_tag","embeddable":true,"href":"https:\/\/larnicol.bzh\/index.php\/wp-json\/wp\/v2\/tags?post=43"}],"curies":[{"name":"wp","href":"https:\/\/api.w.org\/{rel}","templated":true}]}}